{"id":6274,"date":"2025-02-24T11:02:25","date_gmt":"2025-02-24T15:02:25","guid":{"rendered":"https:\/\/tropiques-atrium.fr\/scene-nationale\/?p=6274"},"modified":"2025-02-24T11:02:27","modified_gmt":"2025-02-24T15:02:27","slug":"tropiques-atrium-salue-la-memoire-de-bertrand-caruge","status":"publish","type":"post","link":"https:\/\/tropiques-atrium.fr\/scene-nationale\/2025\/02\/24\/tropiques-atrium-salue-la-memoire-de-bertrand-caruge\/","title":{"rendered":"Tropiques Atrium salue la m\u00e9moire de Bertrand Caruge"},"content":{"rendered":"\n<p>C&#8217;est avec un grande tristesse que nous apprenons le d\u00e9c\u00e8s brutal de Bertrand Caruge.<br>Journaliste polyvalent, il avait une app\u00e9tence pour les Arts et la Culture et accompagnait souvent les activit\u00e9s de tropiques Atrium ou ailleurs. De son long parcours journalistique, nous gardons le souvenir d&#8217;un professionnel accompli, discret et curieux. Depuis septembre 2024, ses \u00e9missions culturelles ou patrimoniales : Kiltir\u00e8lo, Lonn\u00e8 Resp\u00e9, au-del\u00e0 de l&#8217;information, \u00e9taient des espaces de valorisation de l&#8217;identit\u00e9 culturelle martiniquais dans sa diversit\u00e9.<\/p>\n\n\n\n<p>Le conseil d&#8217;administration, la Direction et les \u00e9quipes de Tropiques Atrium t\u00e9moignent de leur profonde solidarit\u00e9 et de leur compassion aupr\u00e8s de sa famille et de ses proches.<\/p>\n","protected":false},"excerpt":{"rendered":"<p>C&#8217;est avec un grande tristesse que nous apprenons le d\u00e9c\u00e8s brutal de Bertrand Caruge.Journaliste polyvalent, il avait une app\u00e9tence pour&#8230;<\/p>\n","protected":false},"author":2,"featured_media":2278,"comment_status":"open","ping_status":"open","sticky":false,"template":"","format":"standard","meta":{"footnotes":""},"categories":[154],"tags":[205],"_links":{"self":[{"href":"https:\/\/tropiques-atrium.fr\/scene-nationale\/wp-json\/wp\/v2\/posts\/6274"}],"collection":[{"href":"https:\/\/tropiques-atrium.fr\/scene-nationale\/wp-json\/wp\/v2\/posts"}],"about":[{"href":"https:\/\/tropiques-atrium.fr\/scene-nationale\/wp-json\/wp\/v2\/types\/post"}],"author":[{"embeddable":true,"href":"https:\/\/tropiques-atrium.fr\/scene-nationale\/wp-json\/wp\/v2\/users\/2"}],"replies":[{"embeddable":true,"href":"https:\/\/tropiques-atrium.fr\/scene-nationale\/wp-json\/wp\/v2\/comments?post=6274"}],"version-history":[{"count":1,"href":"https:\/\/tropiques-atrium.fr\/scene-nationale\/wp-json\/wp\/v2\/posts\/6274\/revisions"}],"predecessor-version":[{"id":6275,"href":"https:\/\/tropiques-atrium.fr\/scene-nationale\/wp-json\/wp\/v2\/posts\/6274\/revisions\/6275"}],"wp:featuredmedia":[{"embeddable":true,"href":"https:\/\/tropiques-atrium.fr\/scene-nationale\/wp-json\/wp\/v2\/media\/2278"}],"wp:attachment":[{"href":"https:\/\/tropiques-atrium.fr\/scene-nationale\/wp-json\/wp\/v2\/media?parent=6274"}],"wp:term":[{"taxonomy":"category","embeddable":true,"href":"https:\/\/tropiques-atrium.fr\/scene-nationale\/wp-json\/wp\/v2\/categories?post=6274"},{"taxonomy":"post_tag","embeddable":true,"href":"https:\/\/tropiques-atrium.fr\/scene-nationale\/wp-json\/wp\/v2\/tags?post=6274"}],"curies":[{"name":"wp","href":"https:\/\/api.w.org\/{rel}","templated":true}]}}