{"id":5925,"date":"2025-01-07T10:09:57","date_gmt":"2025-01-07T14:09:57","guid":{"rendered":"https:\/\/tropiques-atrium.fr\/scene-nationale\/?p=5925"},"modified":"2025-01-07T10:10:00","modified_gmt":"2025-01-07T14:10:00","slug":"fenetres-sur-haiti-2025","status":"publish","type":"post","link":"https:\/\/tropiques-atrium.fr\/scene-nationale\/2025\/01\/07\/fenetres-sur-haiti-2025\/","title":{"rendered":"Fen\u00eatre(s) sur Ha\u00efti 2025"},"content":{"rendered":"\n<h2 class=\"wp-block-heading has-text-align-center\"><strong><em>Du 13 au 31 janvier<\/em><\/strong><\/h2>\n\n\n\n<h2 class=\"wp-block-heading\"><strong>Exposition&nbsp;<\/strong><\/h2>\n\n\n\n<p><strong>\u00ab\u00a0Iris\u00a0\u00bb Genevi\u00e8ve Lahens<\/strong><br>Du 13 au 31 janvier &#8211; Hall Christiane \u00c9da-Pierre<\/p>\n\n\n\n<hr class=\"wp-block-separator has-alpha-channel-opacity is-style-dots\"\/>\n\n\n\n<h2 class=\"wp-block-heading\"><strong>Cin\u00e9ma<\/strong><\/h2>\n\n\n\n<p><strong>Lundi 13 janvier<\/strong><br>18h &#8211; Kanaval : une histoire ha\u00eftienne en 6 chapitres (Documentaire)<br>20h &#8211; Haitian corner &#8211; Raoul Peck<\/p>\n\n\n\n<p><strong>Mardi 14 janvier<\/strong><br>19h &#8211; Ernest Cole &#8211; Raoul Peck<\/p>\n\n\n\n<p><strong>Mercredi 15 janvier<\/strong><br>19h &#8211; Kanaval (Fiction)<\/p>\n\n\n\n<p><strong>Jeudi 16 janvier<\/strong><br>19h &#8211; Le dernier repas (Fiction)<\/p>\n\n\n\n<hr class=\"wp-block-separator has-alpha-channel-opacity is-style-dots\"\/>\n\n\n\n<h2 class=\"wp-block-heading\"><strong>Conf\u00e9rence<\/strong> <strong>Barbara Pr\u00e9zeau-Stephenson<\/strong><\/h2>\n\n\n\n<p>\u00ab\u00a0<em>Pr\u00e9sence des femmes dans l&#8217;histoire de l&#8217;art ha\u00eftien, invisibilit\u00e9 et stigmatisation. De Luce Turnier \u00e0 Tessa Mars, trois g\u00e9n\u00e9rations d&#8217;artistes plasticiennes\u00a0\u00bb<\/em><br>Vendredi 17 janvier \u00e0 18h30<br>Salle Frantz Fanon<\/p>\n\n\n\n<hr class=\"wp-block-separator has-alpha-channel-opacity is-style-dots\"\/>\n\n\n\n<h2 class=\"wp-block-heading\"><strong>Masterclass<\/strong> <strong>James Germain<\/strong><\/h2>\n\n\n\n<p>\u00ab Technique vocale \/ Technique de respiration \/ Improvisation \/ Chants traditionnels de la Cara\u00efbe\u00a0\u00bb<br>Mercredi 15, Jeudi 16 et Vendredi 17 janvier de 18h30 \u00e0 21h30<\/p>\n\n\n\n<p>Infos&nbsp;: 0596 70 79 29 &#8211; www.tropiques-atrium.fr<\/p>\n","protected":false},"excerpt":{"rendered":"<p>Du 13 au 31 janvier Exposition&nbsp; \u00ab\u00a0Iris\u00a0\u00bb Genevi\u00e8ve LahensDu 13 au 31 janvier &#8211; Hall Christiane \u00c9da-Pierre Cin\u00e9ma Lundi 13&#8230;<\/p>\n","protected":false},"author":2,"featured_media":5929,"comment_status":"open","ping_status":"open","sticky":false,"template":"","format":"standard","meta":{"footnotes":""},"categories":[154,201,170,203,181],"tags":[194],"_links":{"self":[{"href":"https:\/\/tropiques-atrium.fr\/scene-nationale\/wp-json\/wp\/v2\/posts\/5925"}],"collection":[{"href":"https:\/\/tropiques-atrium.fr\/scene-nationale\/wp-json\/wp\/v2\/posts"}],"about":[{"href":"https:\/\/tropiques-atrium.fr\/scene-nationale\/wp-json\/wp\/v2\/types\/post"}],"author":[{"embeddable":true,"href":"https:\/\/tropiques-atrium.fr\/scene-nationale\/wp-json\/wp\/v2\/users\/2"}],"replies":[{"embeddable":true,"href":"https:\/\/tropiques-atrium.fr\/scene-nationale\/wp-json\/wp\/v2\/comments?post=5925"}],"version-history":[{"count":1,"href":"https:\/\/tropiques-atrium.fr\/scene-nationale\/wp-json\/wp\/v2\/posts\/5925\/revisions"}],"predecessor-version":[{"id":5932,"href":"https:\/\/tropiques-atrium.fr\/scene-nationale\/wp-json\/wp\/v2\/posts\/5925\/revisions\/5932"}],"wp:featuredmedia":[{"embeddable":true,"href":"https:\/\/tropiques-atrium.fr\/scene-nationale\/wp-json\/wp\/v2\/media\/5929"}],"wp:attachment":[{"href":"https:\/\/tropiques-atrium.fr\/scene-nationale\/wp-json\/wp\/v2\/media?parent=5925"}],"wp:term":[{"taxonomy":"category","embeddable":true,"href":"https:\/\/tropiques-atrium.fr\/scene-nationale\/wp-json\/wp\/v2\/categories?post=5925"},{"taxonomy":"post_tag","embeddable":true,"href":"https:\/\/tropiques-atrium.fr\/scene-nationale\/wp-json\/wp\/v2\/tags?post=5925"}],"curies":[{"name":"wp","href":"https:\/\/api.w.org\/{rel}","templated":true}]}}