{"id":5308,"date":"2024-10-10T15:59:47","date_gmt":"2024-10-10T19:59:47","guid":{"rendered":"https:\/\/tropiques-atrium.fr\/scene-nationale\/?p=5308"},"modified":"2024-10-10T16:00:38","modified_gmt":"2024-10-10T20:00:38","slug":"journees-de-la-harpe","status":"publish","type":"post","link":"https:\/\/tropiques-atrium.fr\/scene-nationale\/2024\/10\/10\/journees-de-la-harpe\/","title":{"rendered":"Journ\u00e9es de la Harpe"},"content":{"rendered":"\n<p class=\"has-text-align-right\">Musique<br><strong><strong>Mardi 29 octobre<\/strong>&nbsp;&#8211; 19h30<\/strong><br>Salle Frantz Fanon<\/p>\n\n\n\n<p>La harpe est l&#8217;un des plus anciens instruments de musique, peut-\u00eatre n\u00e9e de l\u2019arc musical. Son origine remonterait \u00e0 la M\u00e9sopotamie vers 3500 avant J\u00e9sus-Christ. Elle s&#8217;est r\u00e9pandue \u00e0 travers les civilisations et les continents sous des formes diff\u00e9rentes. C\u2019est un instrument universel, majestueux, que l\u2019on retrouve dans tous les styles de musique.<\/p>\n\n\n\n<p>Depuis plusieurs ann\u00e9es Claire Le Fur, met en lumi\u00e8re cet instrument et le fait dialoguer avec divers styles musicaux.<\/p>\n\n\n\n<div class=\"wp-block-buttons has-custom-font-size has-medium-font-size is-content-justification-center is-layout-flex wp-container-core-buttons-layout-1 wp-block-buttons-is-layout-flex\">\n<div class=\"wp-block-button\"><a class=\"wp-block-button__link has-vivid-cyan-blue-background-color has-background wp-element-button\" href=\"https:\/\/tropiques-atrium.fr\/scene-nationale\/events\/journees-de-la-harpe\/\">Plus d&#8217;infos<\/a><\/div>\n<\/div>\n\n\n\n<div style=\"height:20px\" aria-hidden=\"true\" class=\"wp-block-spacer\"><\/div>\n\n\n<div class=\"wp-block-image\">\n<figure class=\"aligncenter size-medium\"><a href=\"https:\/\/tropiques-atrium.fr\/scene-nationale\/events\/journees-de-la-harpe\/\"><img decoding=\"async\" src=\"https:\/\/tropiques-atrium.fr\/scene-nationale\/wp-content\/uploads\/sites\/13\/2024\/10\/Journees-de-la-Harpe-Tropiques-Atrium-03-Affiche-202x300.jpg\" alt=\"\" class=\"wp-image-5317\"\/><\/a><\/figure><\/div>","protected":false},"excerpt":{"rendered":"<p>MusiqueMardi 29 octobre&nbsp;&#8211; 19h30Salle Frantz Fanon La harpe est l&#8217;un des plus anciens instruments de musique, peut-\u00eatre n\u00e9e de l\u2019arc&#8230;<\/p>\n","protected":false},"author":2,"featured_media":5318,"comment_status":"open","ping_status":"open","sticky":false,"template":"","format":"standard","meta":{"footnotes":""},"categories":[154],"tags":[],"_links":{"self":[{"href":"https:\/\/tropiques-atrium.fr\/scene-nationale\/wp-json\/wp\/v2\/posts\/5308"}],"collection":[{"href":"https:\/\/tropiques-atrium.fr\/scene-nationale\/wp-json\/wp\/v2\/posts"}],"about":[{"href":"https:\/\/tropiques-atrium.fr\/scene-nationale\/wp-json\/wp\/v2\/types\/post"}],"author":[{"embeddable":true,"href":"https:\/\/tropiques-atrium.fr\/scene-nationale\/wp-json\/wp\/v2\/users\/2"}],"replies":[{"embeddable":true,"href":"https:\/\/tropiques-atrium.fr\/scene-nationale\/wp-json\/wp\/v2\/comments?post=5308"}],"version-history":[{"count":3,"href":"https:\/\/tropiques-atrium.fr\/scene-nationale\/wp-json\/wp\/v2\/posts\/5308\/revisions"}],"predecessor-version":[{"id":5320,"href":"https:\/\/tropiques-atrium.fr\/scene-nationale\/wp-json\/wp\/v2\/posts\/5308\/revisions\/5320"}],"wp:featuredmedia":[{"embeddable":true,"href":"https:\/\/tropiques-atrium.fr\/scene-nationale\/wp-json\/wp\/v2\/media\/5318"}],"wp:attachment":[{"href":"https:\/\/tropiques-atrium.fr\/scene-nationale\/wp-json\/wp\/v2\/media?parent=5308"}],"wp:term":[{"taxonomy":"category","embeddable":true,"href":"https:\/\/tropiques-atrium.fr\/scene-nationale\/wp-json\/wp\/v2\/categories?post=5308"},{"taxonomy":"post_tag","embeddable":true,"href":"https:\/\/tropiques-atrium.fr\/scene-nationale\/wp-json\/wp\/v2\/tags?post=5308"}],"curies":[{"name":"wp","href":"https:\/\/api.w.org\/{rel}","templated":true}]}}