{"id":5224,"date":"2024-09-30T15:05:08","date_gmt":"2024-09-30T19:05:08","guid":{"rendered":"https:\/\/tropiques-atrium.fr\/scene-nationale\/?p=5224"},"modified":"2024-09-30T15:12:57","modified_gmt":"2024-09-30T19:12:57","slug":"conference-musicale-alfred-varasse","status":"publish","type":"post","link":"https:\/\/tropiques-atrium.fr\/scene-nationale\/2024\/09\/30\/conference-musicale-alfred-varasse\/","title":{"rendered":"Conf\u00e9rence musicale Alfred Varasse"},"content":{"rendered":"\n<h2 class=\"wp-block-heading\"><strong>Conf\u00e9rence musicale<\/strong> :<\/h2>\n\n\n\n<h2 class=\"wp-block-heading\"><strong>Alfred Varasse<\/strong><\/h2>\n\n\n\n<p class=\"has-text-align-right\"><strong>Vendredi 04 octobre &#8211; 9h<\/strong><br>Salle Frantz Fanon <\/p>\n\n\n\n<p class=\"has-text-align-right\">Taric HC : 7\u20ac (sur r\u00e9servation au 0596 70 79 29)<\/p>\n\n\n\n<p>1h30 de Musique et d&#8217;\u00e9change sur le Parcours d&#8217;Alfred Varasse. Avec 8 musiciens  et choristes sur sc\u00e8ne. Cette conf\u00e9rence sera principalement \u00e0 destination de nos publics scolaires mais ouverte \u00e0 Tous Publics.<\/p>\n\n\n\n<p>Alfred Varasse a travers\u00e9 l\u2019histoire de la musique martiniquaise depuis plus de 40 ans. Batteur, percussionniste, compositeur, il cr\u00e9e le groupe <em>Dif\u00e9<\/em> en 1978, qui avec ses textes engag\u00e9s et un trio de chanteuses en lead, r\u00e9volutionne la musique antillaise.<\/p>\n\n\n\n<p>Il se produit dans tous les styles : jazz, tambour, gospel. Alfred Varasse a jou\u00e9 avec nombre de grands musiciens comme Chyko J\u00e9helmann, Emilien Antile, Eug\u00e8ne Mona, Kali, Luther Fran\u00e7ois\u2026<\/p>\n\n\n\n<p>Aim\u00e9 C\u00e9saire lui demanda d\u2019enseigner le tambour au SERMAC, en le faisant rentrer de Paris en 1977, initiant une longue carri\u00e8re de p\u00e9dagogue.<\/p>\n\n\n\n<figure class=\"wp-block-image size-large\"><img fetchpriority=\"high\" decoding=\"async\" width=\"680\" height=\"1024\" src=\"https:\/\/tropiques-atrium.fr\/scene-nationale\/wp-content\/uploads\/sites\/13\/2024\/09\/Varasse-Tropiques-Atrium-02-680x1024.jpg\" alt=\"\" class=\"wp-image-5226\" srcset=\"https:\/\/tropiques-atrium.fr\/scene-nationale\/wp-content\/uploads\/sites\/13\/2024\/09\/Varasse-Tropiques-Atrium-02-680x1024.jpg 680w, https:\/\/tropiques-atrium.fr\/scene-nationale\/wp-content\/uploads\/sites\/13\/2024\/09\/Varasse-Tropiques-Atrium-02-199x300.jpg 199w, https:\/\/tropiques-atrium.fr\/scene-nationale\/wp-content\/uploads\/sites\/13\/2024\/09\/Varasse-Tropiques-Atrium-02-768x1156.jpg 768w, https:\/\/tropiques-atrium.fr\/scene-nationale\/wp-content\/uploads\/sites\/13\/2024\/09\/Varasse-Tropiques-Atrium-02-1020x1536.jpg 1020w, https:\/\/tropiques-atrium.fr\/scene-nationale\/wp-content\/uploads\/sites\/13\/2024\/09\/Varasse-Tropiques-Atrium-02-585x881.jpg 585w, https:\/\/tropiques-atrium.fr\/scene-nationale\/wp-content\/uploads\/sites\/13\/2024\/09\/Varasse-Tropiques-Atrium-02.jpg 1315w\" sizes=\"(max-width: 680px) 100vw, 680px\" \/><\/figure>\n","protected":false},"excerpt":{"rendered":"<p>Conf\u00e9rence musicale : Alfred Varasse Vendredi 04 octobre &#8211; 9hSalle Frantz Fanon Taric HC : 7\u20ac (sur r\u00e9servation au 0596&#8230;<\/p>\n","protected":false},"author":2,"featured_media":5225,"comment_status":"open","ping_status":"open","sticky":false,"template":"","format":"standard","meta":{"footnotes":""},"categories":[154,203,167],"tags":[],"_links":{"self":[{"href":"https:\/\/tropiques-atrium.fr\/scene-nationale\/wp-json\/wp\/v2\/posts\/5224"}],"collection":[{"href":"https:\/\/tropiques-atrium.fr\/scene-nationale\/wp-json\/wp\/v2\/posts"}],"about":[{"href":"https:\/\/tropiques-atrium.fr\/scene-nationale\/wp-json\/wp\/v2\/types\/post"}],"author":[{"embeddable":true,"href":"https:\/\/tropiques-atrium.fr\/scene-nationale\/wp-json\/wp\/v2\/users\/2"}],"replies":[{"embeddable":true,"href":"https:\/\/tropiques-atrium.fr\/scene-nationale\/wp-json\/wp\/v2\/comments?post=5224"}],"version-history":[{"count":1,"href":"https:\/\/tropiques-atrium.fr\/scene-nationale\/wp-json\/wp\/v2\/posts\/5224\/revisions"}],"predecessor-version":[{"id":5227,"href":"https:\/\/tropiques-atrium.fr\/scene-nationale\/wp-json\/wp\/v2\/posts\/5224\/revisions\/5227"}],"wp:featuredmedia":[{"embeddable":true,"href":"https:\/\/tropiques-atrium.fr\/scene-nationale\/wp-json\/wp\/v2\/media\/5225"}],"wp:attachment":[{"href":"https:\/\/tropiques-atrium.fr\/scene-nationale\/wp-json\/wp\/v2\/media?parent=5224"}],"wp:term":[{"taxonomy":"category","embeddable":true,"href":"https:\/\/tropiques-atrium.fr\/scene-nationale\/wp-json\/wp\/v2\/categories?post=5224"},{"taxonomy":"post_tag","embeddable":true,"href":"https:\/\/tropiques-atrium.fr\/scene-nationale\/wp-json\/wp\/v2\/tags?post=5224"}],"curies":[{"name":"wp","href":"https:\/\/api.w.org\/{rel}","templated":true}]}}