{"id":5218,"date":"2024-09-26T16:04:47","date_gmt":"2024-09-26T20:04:47","guid":{"rendered":"https:\/\/tropiques-atrium.fr\/scene-nationale\/?p=5218"},"modified":"2024-10-10T14:52:28","modified_gmt":"2024-10-10T18:52:28","slug":"cinemartinique-2024-lespri-sinema","status":"publish","type":"post","link":"https:\/\/tropiques-atrium.fr\/scene-nationale\/2024\/09\/26\/cinemartinique-2024-lespri-sinema\/","title":{"rendered":"Cin\u00e9martinique 2024 : Lespri Sin\u00e9ma"},"content":{"rendered":"\n<p>Tropiques Atrium Sc\u00e8ne nationale informe le public que les projections pr\u00e9vues dans le cadre de&nbsp;<strong>L\u00e8spri&nbsp; Sin\u00e9m<\/strong>a ce jeudi 10 octobre sont annul\u00e9es en raison du couvre-feu instaur\u00e9 par le Pr\u00e9fet.<\/p>\n\n\n\n<p>Nous vous tiendrons inform\u00e9s pour la suite de la programmation.<\/p>\n\n\n\n<p>Merci de votre compr\u00e9hension.<\/p>\n\n\n\n<figure class=\"wp-block-image size-large\"><img fetchpriority=\"high\" decoding=\"async\" width=\"1024\" height=\"1024\" src=\"https:\/\/tropiques-atrium.fr\/scene-nationale\/wp-content\/uploads\/sites\/13\/2024\/10\/WhatsApp-Image-2024-10-10-at-12.22.32-1024x1024.jpeg\" alt=\"\" class=\"wp-image-5313\" srcset=\"https:\/\/tropiques-atrium.fr\/scene-nationale\/wp-content\/uploads\/sites\/13\/2024\/10\/WhatsApp-Image-2024-10-10-at-12.22.32-1024x1024.jpeg 1024w, https:\/\/tropiques-atrium.fr\/scene-nationale\/wp-content\/uploads\/sites\/13\/2024\/10\/WhatsApp-Image-2024-10-10-at-12.22.32-300x300.jpeg 300w, https:\/\/tropiques-atrium.fr\/scene-nationale\/wp-content\/uploads\/sites\/13\/2024\/10\/WhatsApp-Image-2024-10-10-at-12.22.32-150x150.jpeg 150w, https:\/\/tropiques-atrium.fr\/scene-nationale\/wp-content\/uploads\/sites\/13\/2024\/10\/WhatsApp-Image-2024-10-10-at-12.22.32-768x768.jpeg 768w, https:\/\/tropiques-atrium.fr\/scene-nationale\/wp-content\/uploads\/sites\/13\/2024\/10\/WhatsApp-Image-2024-10-10-at-12.22.32-585x585.jpeg 585w, https:\/\/tropiques-atrium.fr\/scene-nationale\/wp-content\/uploads\/sites\/13\/2024\/10\/WhatsApp-Image-2024-10-10-at-12.22.32-220x220.jpeg 220w, https:\/\/tropiques-atrium.fr\/scene-nationale\/wp-content\/uploads\/sites\/13\/2024\/10\/WhatsApp-Image-2024-10-10-at-12.22.32-80x80.jpeg 80w, https:\/\/tropiques-atrium.fr\/scene-nationale\/wp-content\/uploads\/sites\/13\/2024\/10\/WhatsApp-Image-2024-10-10-at-12.22.32.jpeg 1280w\" sizes=\"(max-width: 1024px) 100vw, 1024px\" \/><\/figure>\n\n\n\n<hr class=\"wp-block-separator has-alpha-channel-opacity\"\/>\n\n\n\n<p>TEMPS FORT 2024 :<\/p>\n\n\n\n<h2 class=\"wp-block-heading\"> \ud83c\udf9e\ufe0f Lespri Sin\u00e9ma 2024 \u2013 L\u2019essence de notre amour du 7\u00e8me Art \ud83c\udf9e\ufe0f<\/h2>\n\n\n\n<p>Du 10 au 19 octobre, Lespri Sin\u00e9ma vous invite \u00e0 c\u00e9l\u00e9brer le meilleur du cin\u00e9ma carib\u00e9en. Cette ann\u00e9e,  notre temps fort explore les r\u00e9cits vibrants de Martinique, Guadeloupe, Guyane, Ha\u00efti, et bien plus encore. \ud83c\udf0d<\/p>\n\n\n\n<p>\ud83d\udc49 Au programme :<\/p>\n\n\n\n<p>\u20229 documentaires en comp\u00e9tition et hors comp\u00e9tition<br>\u202211 courts-m\u00e9trages en comp\u00e9tition et hors comp\u00e9tition<br>\u20227 avant-premi\u00e8res, dont \u00ab&nbsp;ERNEST COLE&nbsp;\u00bb de Raoul Peck<\/p>\n\n\n\n<p>Des films cultes et des \u0153uvres in\u00e9dites de la Cara\u00efbe<br>\ud83d\udccd Retrouvez-nous \u00e0 Tropiques Atrium et Madiana pour une semaine d\u2019\u00e9motions et de d\u00e9couvertes !<\/p>\n\n\n\n<div class=\"wp-block-buttons is-content-justification-center is-layout-flex wp-container-core-buttons-layout-1 wp-block-buttons-is-layout-flex\">\n<div class=\"wp-block-button\"><a class=\"wp-block-button__link has-vivid-cyan-blue-background-color has-background has-text-align-center wp-element-button\" href=\"https:\/\/tropiques-atrium.fr\/cinemartinique\/\" target=\"_blank\" rel=\"noreferrer noopener\">Aller sur le site<\/a><\/div>\n<\/div>\n\n\n\n<div style=\"height:20px\" aria-hidden=\"true\" class=\"wp-block-spacer\"><\/div>\n\n\n<div class=\"wp-block-image\">\n<figure class=\"aligncenter size-medium\"><a href=\"https:\/\/tropiques-atrium.fr\/cinemartinique\/\"><img decoding=\"async\" width=\"240\" height=\"300\" src=\"https:\/\/tropiques-atrium.fr\/scene-nationale\/wp-content\/uploads\/sites\/13\/2024\/09\/Lespri-Sinema-Cinemartinique-Tropiques-Atrium-02-4x5-1-240x300.jpg\" alt=\"\" class=\"wp-image-5219\" srcset=\"https:\/\/tropiques-atrium.fr\/scene-nationale\/wp-content\/uploads\/sites\/13\/2024\/09\/Lespri-Sinema-Cinemartinique-Tropiques-Atrium-02-4x5-1-240x300.jpg 240w, https:\/\/tropiques-atrium.fr\/scene-nationale\/wp-content\/uploads\/sites\/13\/2024\/09\/Lespri-Sinema-Cinemartinique-Tropiques-Atrium-02-4x5-1-819x1024.jpg 819w, https:\/\/tropiques-atrium.fr\/scene-nationale\/wp-content\/uploads\/sites\/13\/2024\/09\/Lespri-Sinema-Cinemartinique-Tropiques-Atrium-02-4x5-1-768x960.jpg 768w, https:\/\/tropiques-atrium.fr\/scene-nationale\/wp-content\/uploads\/sites\/13\/2024\/09\/Lespri-Sinema-Cinemartinique-Tropiques-Atrium-02-4x5-1-1229x1536.jpg 1229w, https:\/\/tropiques-atrium.fr\/scene-nationale\/wp-content\/uploads\/sites\/13\/2024\/09\/Lespri-Sinema-Cinemartinique-Tropiques-Atrium-02-4x5-1-585x731.jpg 585w, https:\/\/tropiques-atrium.fr\/scene-nationale\/wp-content\/uploads\/sites\/13\/2024\/09\/Lespri-Sinema-Cinemartinique-Tropiques-Atrium-02-4x5-1.jpg 1600w\" sizes=\"(max-width: 240px) 100vw, 240px\" \/><\/a><\/figure><\/div>\n\n\n<p>La brochure du Cin\u00e9martinique 2024 \u2013 Lespri Sin\u00e9ma, avec le programme d\u00e9taill\u00e9 de nos projections \u00e0 Tropiques Atrium et \u00e0 Madiana, est disponible :<\/p>\n\n\n\n<div class=\"wp-block-buttons is-content-justification-center is-layout-flex wp-container-core-buttons-layout-2 wp-block-buttons-is-layout-flex\">\n<div class=\"wp-block-button\"><a class=\"wp-block-button__link has-vivid-cyan-blue-background-color has-background has-text-align-center wp-element-button\" href=\"https:\/\/tropiques-atrium.fr\/cinemartinique\/wp-content\/uploads\/sites\/3\/2019\/03\/Tropiques-Atrium-Brochure-Lespri-sinema-v.6.pdf\" target=\"_blank\" rel=\"noreferrer noopener\">Cliquez ici <\/a><\/div>\n<\/div>\n","protected":false},"excerpt":{"rendered":"<p>Tropiques Atrium Sc\u00e8ne nationale informe le public que les projections pr\u00e9vues dans le cadre de&nbsp;L\u00e8spri&nbsp; Sin\u00e9ma ce jeudi 10 octobre&#8230;<\/p>\n","protected":false},"author":2,"featured_media":5220,"comment_status":"open","ping_status":"open","sticky":false,"template":"","format":"standard","meta":{"footnotes":""},"categories":[154,170,208,168],"tags":[],"_links":{"self":[{"href":"https:\/\/tropiques-atrium.fr\/scene-nationale\/wp-json\/wp\/v2\/posts\/5218"}],"collection":[{"href":"https:\/\/tropiques-atrium.fr\/scene-nationale\/wp-json\/wp\/v2\/posts"}],"about":[{"href":"https:\/\/tropiques-atrium.fr\/scene-nationale\/wp-json\/wp\/v2\/types\/post"}],"author":[{"embeddable":true,"href":"https:\/\/tropiques-atrium.fr\/scene-nationale\/wp-json\/wp\/v2\/users\/2"}],"replies":[{"embeddable":true,"href":"https:\/\/tropiques-atrium.fr\/scene-nationale\/wp-json\/wp\/v2\/comments?post=5218"}],"version-history":[{"count":5,"href":"https:\/\/tropiques-atrium.fr\/scene-nationale\/wp-json\/wp\/v2\/posts\/5218\/revisions"}],"predecessor-version":[{"id":5316,"href":"https:\/\/tropiques-atrium.fr\/scene-nationale\/wp-json\/wp\/v2\/posts\/5218\/revisions\/5316"}],"wp:featuredmedia":[{"embeddable":true,"href":"https:\/\/tropiques-atrium.fr\/scene-nationale\/wp-json\/wp\/v2\/media\/5220"}],"wp:attachment":[{"href":"https:\/\/tropiques-atrium.fr\/scene-nationale\/wp-json\/wp\/v2\/media?parent=5218"}],"wp:term":[{"taxonomy":"category","embeddable":true,"href":"https:\/\/tropiques-atrium.fr\/scene-nationale\/wp-json\/wp\/v2\/categories?post=5218"},{"taxonomy":"post_tag","embeddable":true,"href":"https:\/\/tropiques-atrium.fr\/scene-nationale\/wp-json\/wp\/v2\/tags?post=5218"}],"curies":[{"name":"wp","href":"https:\/\/api.w.org\/{rel}","templated":true}]}}