{"id":4495,"date":"2024-05-28T03:26:14","date_gmt":"2024-05-28T07:26:14","guid":{"rendered":"https:\/\/tropiques-atrium.fr\/scene-nationale\/?p=4495"},"modified":"2024-05-28T03:26:16","modified_gmt":"2024-05-28T07:26:16","slug":"sortie-de-residence-biguine-extension","status":"publish","type":"post","link":"https:\/\/tropiques-atrium.fr\/scene-nationale\/2024\/05\/28\/sortie-de-residence-biguine-extension\/","title":{"rendered":"Sortie de R\u00e9sidence : Biguine Extension"},"content":{"rendered":"\n<p>Biguine extension est n\u00e9 dans le cadre de la r\u00e9sidence d\u2019artistes en duo de Ralph Lavital et Elvin Bironien \u00e0 la sc\u00e8ne nationale Tropiques Atrium (saison 23\/24).<\/p>\n\n\n\n<p>Apr\u00e8s une premi\u00e8re phase de travail, le duo est rejoint par Adriano Tenorio et ce trio in\u00e9dit regroupe donc pour la premi\u00e8re fois, ces trois musiciens.<\/p>\n\n\n\n<p>La <a><\/a>r\u00e9union de ces identit\u00e9s est riche en partage, en musique et pleine de fraicheur et d\u2019intensit\u00e9 et leur permet de mettre en avant, en plus de la partie instrumentale, le cot\u00e9 chanson et populaire de la Buigine.<\/p>\n\n\n\n<p>Ce r\u00e9pertoire biguine, traversant les g\u00e9n\u00e9rations, montre \u00e0 travers cette \u00ab extension \u00bb qu\u2019il reste encore \u00e0 b\u00e2tir\u2026<\/p>\n\n\n\n<p>D\u00e9couvrez donc Elvin Bironien, Ralph Lavita, Adriano Tenorio, sur la sc\u00e8ne de Tropiques Atrium en tr\u00e9e libre, ce samedu 1er juin avec en chanteurs invit\u00e9s K\u00e9lia Paulin et Maher Beauroy.<\/p>\n\n\n\n<div class=\"wp-block-buttons has-custom-font-size has-medium-font-size is-content-justification-center is-layout-flex wp-container-core-buttons-layout-1 wp-block-buttons-is-layout-flex\">\n<div class=\"wp-block-button has-custom-width wp-block-button__width-25\"><a class=\"wp-block-button__link has-vivid-cyan-blue-background-color has-background wp-element-button\" href=\"https:\/\/tropiques-atrium.fr\/scene-nationale\/events\/sortie-de-residence-biguine-extension\/\">Plus d&#8217;infos<\/a><\/div>\n<\/div>\n\n\n\n<div style=\"height:20px\" aria-hidden=\"true\" class=\"wp-block-spacer\"><\/div>\n\n\n\n<figure class=\"wp-block-image size-large\"><a href=\"https:\/\/tropiques-atrium.fr\/scene-nationale\/events\/sortie-de-residence-biguine-extension\/\"><img fetchpriority=\"high\" decoding=\"async\" width=\"724\" height=\"1024\" src=\"https:\/\/tropiques-atrium.fr\/scene-nationale\/wp-content\/uploads\/sites\/13\/2023\/11\/Biguine-Extension-Tropiques-Atrium-1-724x1024.jpg\" alt=\"\" class=\"wp-image-4493\" srcset=\"https:\/\/tropiques-atrium.fr\/scene-nationale\/wp-content\/uploads\/sites\/13\/2023\/11\/Biguine-Extension-Tropiques-Atrium-1-724x1024.jpg 724w, https:\/\/tropiques-atrium.fr\/scene-nationale\/wp-content\/uploads\/sites\/13\/2023\/11\/Biguine-Extension-Tropiques-Atrium-1-212x300.jpg 212w, https:\/\/tropiques-atrium.fr\/scene-nationale\/wp-content\/uploads\/sites\/13\/2023\/11\/Biguine-Extension-Tropiques-Atrium-1-768x1086.jpg 768w, https:\/\/tropiques-atrium.fr\/scene-nationale\/wp-content\/uploads\/sites\/13\/2023\/11\/Biguine-Extension-Tropiques-Atrium-1-1087x1536.jpg 1087w, https:\/\/tropiques-atrium.fr\/scene-nationale\/wp-content\/uploads\/sites\/13\/2023\/11\/Biguine-Extension-Tropiques-Atrium-1-585x827.jpg 585w, https:\/\/tropiques-atrium.fr\/scene-nationale\/wp-content\/uploads\/sites\/13\/2023\/11\/Biguine-Extension-Tropiques-Atrium-1.jpg 1415w\" sizes=\"(max-width: 724px) 100vw, 724px\" \/><\/a><\/figure>\n","protected":false},"excerpt":{"rendered":"<p>Biguine extension est n\u00e9 dans le cadre de la r\u00e9sidence d\u2019artistes en duo de Ralph Lavital et Elvin Bironien \u00e0&#8230;<\/p>\n","protected":false},"author":2,"featured_media":4480,"comment_status":"open","ping_status":"open","sticky":false,"template":"","format":"standard","meta":{"footnotes":""},"categories":[154,167,177],"tags":[],"_links":{"self":[{"href":"https:\/\/tropiques-atrium.fr\/scene-nationale\/wp-json\/wp\/v2\/posts\/4495"}],"collection":[{"href":"https:\/\/tropiques-atrium.fr\/scene-nationale\/wp-json\/wp\/v2\/posts"}],"about":[{"href":"https:\/\/tropiques-atrium.fr\/scene-nationale\/wp-json\/wp\/v2\/types\/post"}],"author":[{"embeddable":true,"href":"https:\/\/tropiques-atrium.fr\/scene-nationale\/wp-json\/wp\/v2\/users\/2"}],"replies":[{"embeddable":true,"href":"https:\/\/tropiques-atrium.fr\/scene-nationale\/wp-json\/wp\/v2\/comments?post=4495"}],"version-history":[{"count":1,"href":"https:\/\/tropiques-atrium.fr\/scene-nationale\/wp-json\/wp\/v2\/posts\/4495\/revisions"}],"predecessor-version":[{"id":4496,"href":"https:\/\/tropiques-atrium.fr\/scene-nationale\/wp-json\/wp\/v2\/posts\/4495\/revisions\/4496"}],"wp:featuredmedia":[{"embeddable":true,"href":"https:\/\/tropiques-atrium.fr\/scene-nationale\/wp-json\/wp\/v2\/media\/4480"}],"wp:attachment":[{"href":"https:\/\/tropiques-atrium.fr\/scene-nationale\/wp-json\/wp\/v2\/media?parent=4495"}],"wp:term":[{"taxonomy":"category","embeddable":true,"href":"https:\/\/tropiques-atrium.fr\/scene-nationale\/wp-json\/wp\/v2\/categories?post=4495"},{"taxonomy":"post_tag","embeddable":true,"href":"https:\/\/tropiques-atrium.fr\/scene-nationale\/wp-json\/wp\/v2\/tags?post=4495"}],"curies":[{"name":"wp","href":"https:\/\/api.w.org\/{rel}","templated":true}]}}