{"id":3427,"date":"2024-02-07T09:44:50","date_gmt":"2024-02-07T13:44:50","guid":{"rendered":"https:\/\/tropiques-atrium.fr\/scene-nationale\/?p=3427"},"modified":"2024-02-07T09:44:51","modified_gmt":"2024-02-07T13:44:51","slug":"philippe-bachman-nous-a-quitte","status":"publish","type":"post","link":"https:\/\/tropiques-atrium.fr\/scene-nationale\/2024\/02\/07\/philippe-bachman-nous-a-quitte\/","title":{"rendered":"Philippe Bachman nous a quitt\u00e9"},"content":{"rendered":"\n<p>La Direction et l\u2019\u00e9quipe de Tropiques Atrium expriment leur vive \u00e9motion et leur profonde tristesse \u00e0 l\u2019annonce du d\u00e9c\u00e8s de Philippe BACHMAN, directeur de&nbsp;<em>La Com\u00e8te-sc\u00e8ne nationale&nbsp;<\/em>de&nbsp;Ch\u00e2lons-en-Champagne. Infatigable ouvrier-militant de la cause culturelle et plus particuli\u00e8rement musicale, passionn\u00e9 de jazz, musicologue, compositeur et chef d\u2019orchestre, Philippe Bachman n\u2019a eu de cesse de consacrer son \u00e9nergie \u00e0 nourrir et d\u00e9velopper la pluridisciplinarit\u00e9 de&nbsp;<em>La Com\u00e8te&nbsp;<\/em>tout en interrogeantles d\u00e9fis et les enjeux de l\u2019action culturelle de notre \u00e9poque. Cr\u00e9ateur de festivals, animateur et cr\u00e9ateur de r\u00e9seaux, il aura indubitablement contribu\u00e9 \u00e0 la modernisation structurante de son territoire.&nbsp;L\u2019acuit\u00e9 de son analyse, la tangibilit\u00e9 de son engagement, la t\u00e9nacit\u00e9 de son esp\u00e9rance militante nous manqueront, inexorablement.&nbsp;<\/p>\n\n\n\n<p>Nous adressons \u00e0 son \u00e9pouse, \u00e0 sa fille, \u00e0 ses proches, nos tr\u00e8s sinc\u00e8res condol\u00e9ances.<\/p>\n\n\n\n<p>Nous exprimons \u00e0 son \u00e9quipe de&nbsp;<em>La Com\u00e8te<\/em>&nbsp;et \u00e0 nos coll\u00e8gues de&nbsp;<em>l\u2019Association des Sc\u00e8nes nationales<\/em>, l\u2019expression de notre pleine solidarit\u00e9.<\/p>\n","protected":false},"excerpt":{"rendered":"<p>La Direction et l\u2019\u00e9quipe de Tropiques Atrium expriment leur vive \u00e9motion et leur profonde tristesse \u00e0 l\u2019annonce du d\u00e9c\u00e8s de&#8230;<\/p>\n","protected":false},"author":2,"featured_media":3428,"comment_status":"open","ping_status":"open","sticky":false,"template":"","format":"standard","meta":{"footnotes":""},"categories":[154],"tags":[205],"_links":{"self":[{"href":"https:\/\/tropiques-atrium.fr\/scene-nationale\/wp-json\/wp\/v2\/posts\/3427"}],"collection":[{"href":"https:\/\/tropiques-atrium.fr\/scene-nationale\/wp-json\/wp\/v2\/posts"}],"about":[{"href":"https:\/\/tropiques-atrium.fr\/scene-nationale\/wp-json\/wp\/v2\/types\/post"}],"author":[{"embeddable":true,"href":"https:\/\/tropiques-atrium.fr\/scene-nationale\/wp-json\/wp\/v2\/users\/2"}],"replies":[{"embeddable":true,"href":"https:\/\/tropiques-atrium.fr\/scene-nationale\/wp-json\/wp\/v2\/comments?post=3427"}],"version-history":[{"count":1,"href":"https:\/\/tropiques-atrium.fr\/scene-nationale\/wp-json\/wp\/v2\/posts\/3427\/revisions"}],"predecessor-version":[{"id":3429,"href":"https:\/\/tropiques-atrium.fr\/scene-nationale\/wp-json\/wp\/v2\/posts\/3427\/revisions\/3429"}],"wp:featuredmedia":[{"embeddable":true,"href":"https:\/\/tropiques-atrium.fr\/scene-nationale\/wp-json\/wp\/v2\/media\/3428"}],"wp:attachment":[{"href":"https:\/\/tropiques-atrium.fr\/scene-nationale\/wp-json\/wp\/v2\/media?parent=3427"}],"wp:term":[{"taxonomy":"category","embeddable":true,"href":"https:\/\/tropiques-atrium.fr\/scene-nationale\/wp-json\/wp\/v2\/categories?post=3427"},{"taxonomy":"post_tag","embeddable":true,"href":"https:\/\/tropiques-atrium.fr\/scene-nationale\/wp-json\/wp\/v2\/tags?post=3427"}],"curies":[{"name":"wp","href":"https:\/\/api.w.org\/{rel}","templated":true}]}}