{"id":163,"date":"2020-06-01T19:26:43","date_gmt":"2020-06-01T17:26:43","guid":{"rendered":"https:\/\/tropiques-atrium.fr\/le-mois-laminaire\/?p=163"},"modified":"2020-06-28T18:01:44","modified_gmt":"2020-06-28T16:01:44","slug":"peter-agardi","status":"publish","type":"post","link":"https:\/\/tropiques-atrium.fr\/le-mois-laminaire\/peter-agardi\/","title":{"rendered":"Peter Agardi et Am\u00e9lie Paulmier"},"content":{"rendered":"\n<div style=\"padding:56.25% 0 0 0;position:relative;\"><iframe src=\"https:\/\/player.vimeo.com\/video\/432476928?autoplay=1&#038;byline=0&#038;portrait=0\" style=\"position:absolute;top:0;left:0;width:100%;height:100%;\" frameborder=\"0\" allow=\"autoplay; fullscreen\" allowfullscreen><\/iframe><\/div><script src=\"https:\/\/player.vimeo.com\/api\/player.js\"><\/script>\n\n\n\n<p>Peter Agardi<br>N\u00e9 en Hongrie, il y \u00e9tudie la danse et est soliste \u00e0 l\u2019Op\u00e9ra National. A 18 ans, il poursuit sa carri\u00e8re en Europe dans de c\u00e9l\u00e8bres compagnies. Son exp\u00e9rience de danseur lui a permis d\u2019enrichir sa culture chor\u00e9graphique, recherchant le plaisir esth\u00e9tique pour un large public.<\/p>\n\n\n\n<p>Am\u00e9lie Paulmier<br>N\u00e9e \u00e0 Paris, elle est une jeune actrice pluridisciplinaire form\u00e9e \u00e0 l\u2019\u00e9cole Auvray Nauro et aux Ateliers du Sudden. Ouverte aux diff\u00e9rentes formes d\u2019expression, elle compl\u00e8te sa formation par le th\u00e9\u00e2tre physique, la danse contemporaine, la photographie artistique et la mise en sc\u00e8ne.<\/p>\n\n\n\n<p><strong>Titre<\/strong> : Monstres<br><strong>Texte de r\u00e9f\u00e9rence<\/strong> : <em>Montres<\/em><\/p>\n\n\n\n<div style=\"background-color:#ECF0F1;padding:20px\" class=\"wp-block-tnp-minimal\"><p><strong><span class=\"has-inline-color has-vivid-red-color\">Soyez pr\u00e9venu(e) quand nous publierons ce t\u00e9moignage ! <\/span><\/strong><\/p><div>[newsletter_form type=&#8221;minimal&#8221; lists=&#8221;undefined&#8221; button_color=&#8221;#2C3E50&#8243;]<\/div><\/div>\n","protected":false},"excerpt":{"rendered":"<p>Peter AgardiN\u00e9 en Hongrie, il y \u00e9tudie la danse et est soliste \u00e0 l\u2019Op\u00e9ra National. A 18 ans, il poursuit sa carri\u00e8re en Europe dans de c\u00e9l\u00e8bres compagnies. Son exp\u00e9rience de danseur lui a permis d\u2019enrichir sa culture chor\u00e9graphique, recherchant le plaisir esth\u00e9tique pour un large public. Am\u00e9lie PaulmierN\u00e9e \u00e0 Paris, elle est une jeune &#8230; <a title=\"Peter Agardi et Am\u00e9lie Paulmier\" class=\"read-more\" href=\"https:\/\/tropiques-atrium.fr\/le-mois-laminaire\/peter-agardi\/\" aria-label=\"Plus sur Peter Agardi et Am\u00e9lie Paulmier\">Read more<\/a><\/p>\n","protected":false},"author":1,"featured_media":417,"comment_status":"open","ping_status":"closed","sticky":false,"template":"","format":"standard","meta":{"footnotes":""},"categories":[6],"tags":[5],"yoast_head":"<!-- This site is optimized with the Yoast SEO plugin v22.0 - https:\/\/yoast.com\/wordpress\/plugins\/seo\/ -->\n<title>Peter Agardi et Am\u00e9lie Paulmier - Le Moi(s) Laminaire<\/title>\n<meta name=\"robots\" content=\"index, follow, max-snippet:-1, max-image-preview:large, max-video-preview:-1\" \/>\n<link rel=\"canonical\" href=\"https:\/\/tropiques-atrium.fr\/le-mois-laminaire\/peter-agardi\/\" \/>\n<meta property=\"og:locale\" content=\"fr_FR\" \/>\n<meta property=\"og:type\" content=\"article\" \/>\n<meta property=\"og:title\" content=\"Peter Agardi et Am\u00e9lie Paulmier - Le Moi(s) Laminaire\" \/>\n<meta property=\"og:description\" content=\"Peter AgardiN\u00e9 en Hongrie, il y \u00e9tudie la danse et est soliste \u00e0 l\u2019Op\u00e9ra National. A 18 ans, il poursuit sa carri\u00e8re en Europe dans de c\u00e9l\u00e8bres compagnies. Son exp\u00e9rience de danseur lui a permis d\u2019enrichir sa culture chor\u00e9graphique, recherchant le plaisir esth\u00e9tique pour un large public. Am\u00e9lie PaulmierN\u00e9e \u00e0 Paris, elle est une jeune ... Read more\" \/>\n<meta property=\"og:url\" content=\"https:\/\/tropiques-atrium.fr\/le-mois-laminaire\/peter-agardi\/\" \/>\n<meta property=\"og:site_name\" content=\"Le Moi(s) Laminaire\" \/>\n<meta property=\"article:published_time\" content=\"2020-06-01T17:26:43+00:00\" \/>\n<meta property=\"article:modified_time\" content=\"2020-06-28T16:01:44+00:00\" \/>\n<meta property=\"og:image\" content=\"https:\/\/tropiques-atrium.fr\/le-mois-laminaire\/wp-content\/uploads\/sites\/4\/2020\/06\/Peter-AGARDI.jpg\" \/>\n\t<meta property=\"og:image:width\" content=\"1200\" \/>\n\t<meta property=\"og:image:height\" content=\"800\" \/>\n\t<meta property=\"og:image:type\" content=\"image\/jpeg\" \/>\n<meta name=\"author\" content=\"Tropiques-Atrium - Sc\u00e8ne Nationale de Martinique\" \/>\n<meta name=\"twitter:card\" content=\"summary_large_image\" \/>\n<meta name=\"twitter:label1\" content=\"\u00c9crit par\" \/>\n\t<meta name=\"twitter:data1\" content=\"Tropiques-Atrium - Sc\u00e8ne Nationale de Martinique\" \/>\n\t<meta name=\"twitter:label2\" content=\"Dur\u00e9e de lecture estim\u00e9e\" \/>\n\t<meta name=\"twitter:data2\" content=\"1 minute\" \/>\n<!-- \/ Yoast SEO plugin. -->","yoast_head_json":{"title":"Peter Agardi et Am\u00e9lie Paulmier - Le Moi(s) Laminaire","robots":{"index":"index","follow":"follow","max-snippet":"max-snippet:-1","max-image-preview":"max-image-preview:large","max-video-preview":"max-video-preview:-1"},"canonical":"https:\/\/tropiques-atrium.fr\/le-mois-laminaire\/peter-agardi\/","og_locale":"fr_FR","og_type":"article","og_title":"Peter Agardi et Am\u00e9lie Paulmier - Le Moi(s) Laminaire","og_description":"Peter AgardiN\u00e9 en Hongrie, il y \u00e9tudie la danse et est soliste \u00e0 l\u2019Op\u00e9ra National. A 18 ans, il poursuit sa carri\u00e8re en Europe dans de c\u00e9l\u00e8bres compagnies. Son exp\u00e9rience de danseur lui a permis d\u2019enrichir sa culture chor\u00e9graphique, recherchant le plaisir esth\u00e9tique pour un large public. Am\u00e9lie PaulmierN\u00e9e \u00e0 Paris, elle est une jeune ... Read more","og_url":"https:\/\/tropiques-atrium.fr\/le-mois-laminaire\/peter-agardi\/","og_site_name":"Le Moi(s) Laminaire","article_published_time":"2020-06-01T17:26:43+00:00","article_modified_time":"2020-06-28T16:01:44+00:00","og_image":[{"width":1200,"height":800,"url":"https:\/\/tropiques-atrium.fr\/le-mois-laminaire\/wp-content\/uploads\/sites\/4\/2020\/06\/Peter-AGARDI.jpg","type":"image\/jpeg"}],"author":"Tropiques-Atrium - Sc\u00e8ne Nationale de Martinique","twitter_card":"summary_large_image","twitter_misc":{"\u00c9crit par":"Tropiques-Atrium - Sc\u00e8ne Nationale de Martinique","Dur\u00e9e de lecture estim\u00e9e":"1 minute"},"schema":{"@context":"https:\/\/schema.org","@graph":[{"@type":"Article","@id":"https:\/\/tropiques-atrium.fr\/le-mois-laminaire\/peter-agardi\/#article","isPartOf":{"@id":"https:\/\/tropiques-atrium.fr\/le-mois-laminaire\/peter-agardi\/"},"author":{"name":"Tropiques-Atrium - Sc\u00e8ne Nationale de Martinique","@id":"https:\/\/tropiques-atrium.fr\/le-mois-laminaire\/#\/schema\/person\/c73a4dd7de7c7dd46c25609b46915a88"},"headline":"Peter Agardi et Am\u00e9lie Paulmier","datePublished":"2020-06-01T17:26:43+00:00","dateModified":"2020-06-28T16:01:44+00:00","mainEntityOfPage":{"@id":"https:\/\/tropiques-atrium.fr\/le-mois-laminaire\/peter-agardi\/"},"wordCount":119,"commentCount":0,"publisher":{"@id":"https:\/\/tropiques-atrium.fr\/le-mois-laminaire\/#organization"},"keywords":["Capsules"],"articleSection":["T\u00e9moignages"],"inLanguage":"fr-FR","potentialAction":[{"@type":"CommentAction","name":"Comment","target":["https:\/\/tropiques-atrium.fr\/le-mois-laminaire\/peter-agardi\/#respond"]}]},{"@type":"WebPage","@id":"https:\/\/tropiques-atrium.fr\/le-mois-laminaire\/peter-agardi\/","url":"https:\/\/tropiques-atrium.fr\/le-mois-laminaire\/peter-agardi\/","name":"Peter Agardi et Am\u00e9lie Paulmier - Le Moi(s) Laminaire","isPartOf":{"@id":"https:\/\/tropiques-atrium.fr\/le-mois-laminaire\/#website"},"datePublished":"2020-06-01T17:26:43+00:00","dateModified":"2020-06-28T16:01:44+00:00","breadcrumb":{"@id":"https:\/\/tropiques-atrium.fr\/le-mois-laminaire\/peter-agardi\/#breadcrumb"},"inLanguage":"fr-FR","potentialAction":[{"@type":"ReadAction","target":["https:\/\/tropiques-atrium.fr\/le-mois-laminaire\/peter-agardi\/"]}]},{"@type":"BreadcrumbList","@id":"https:\/\/tropiques-atrium.fr\/le-mois-laminaire\/peter-agardi\/#breadcrumb","itemListElement":[{"@type":"ListItem","position":1,"name":"Accueil","item":"https:\/\/tropiques-atrium.fr\/le-mois-laminaire\/"},{"@type":"ListItem","position":2,"name":"Peter Agardi et Am\u00e9lie Paulmier"}]},{"@type":"WebSite","@id":"https:\/\/tropiques-atrium.fr\/le-mois-laminaire\/#website","url":"https:\/\/tropiques-atrium.fr\/le-mois-laminaire\/","name":"Le Moi(s) Laminaire","description":"Un site utilisant Les sites de Tropiques-Atrium","publisher":{"@id":"https:\/\/tropiques-atrium.fr\/le-mois-laminaire\/#organization"},"potentialAction":[{"@type":"SearchAction","target":{"@type":"EntryPoint","urlTemplate":"https:\/\/tropiques-atrium.fr\/le-mois-laminaire\/?s={search_term_string}"},"query-input":"required name=search_term_string"}],"inLanguage":"fr-FR"},{"@type":"Organization","@id":"https:\/\/tropiques-atrium.fr\/le-mois-laminaire\/#organization","name":"Le Moi(s) Laminaire","url":"https:\/\/tropiques-atrium.fr\/le-mois-laminaire\/","logo":{"@type":"ImageObject","inLanguage":"fr-FR","@id":"https:\/\/tropiques-atrium.fr\/le-mois-laminaire\/#\/schema\/logo\/image\/","url":"https:\/\/tropiques-atrium.fr\/le-mois-laminaire\/wp-content\/uploads\/sites\/4\/2020\/06\/MoiS_Laminaire_logo-pt.png","contentUrl":"https:\/\/tropiques-atrium.fr\/le-mois-laminaire\/wp-content\/uploads\/sites\/4\/2020\/06\/MoiS_Laminaire_logo-pt.png","width":300,"height":128,"caption":"Le Moi(s) Laminaire"},"image":{"@id":"https:\/\/tropiques-atrium.fr\/le-mois-laminaire\/#\/schema\/logo\/image\/"}},{"@type":"Person","@id":"https:\/\/tropiques-atrium.fr\/le-mois-laminaire\/#\/schema\/person\/c73a4dd7de7c7dd46c25609b46915a88","name":"Tropiques-Atrium - Sc\u00e8ne Nationale de Martinique","image":{"@type":"ImageObject","inLanguage":"fr-FR","@id":"https:\/\/tropiques-atrium.fr\/le-mois-laminaire\/#\/schema\/person\/image\/","url":"https:\/\/secure.gravatar.com\/avatar\/105d7b5dcef82469ef0ce5c24058e467?s=96&d=mm&r=g","contentUrl":"https:\/\/secure.gravatar.com\/avatar\/105d7b5dcef82469ef0ce5c24058e467?s=96&d=mm&r=g","caption":"Tropiques-Atrium - Sc\u00e8ne Nationale de Martinique"},"url":"https:\/\/tropiques-atrium.fr\/le-mois-laminaire\/author\/tropiques-atrium-super-admin\/"}]}},"amp_enabled":true,"_links":{"self":[{"href":"https:\/\/tropiques-atrium.fr\/le-mois-laminaire\/wp-json\/wp\/v2\/posts\/163"}],"collection":[{"href":"https:\/\/tropiques-atrium.fr\/le-mois-laminaire\/wp-json\/wp\/v2\/posts"}],"about":[{"href":"https:\/\/tropiques-atrium.fr\/le-mois-laminaire\/wp-json\/wp\/v2\/types\/post"}],"author":[{"embeddable":true,"href":"https:\/\/tropiques-atrium.fr\/le-mois-laminaire\/wp-json\/wp\/v2\/users\/1"}],"replies":[{"embeddable":true,"href":"https:\/\/tropiques-atrium.fr\/le-mois-laminaire\/wp-json\/wp\/v2\/comments?post=163"}],"version-history":[{"count":4,"href":"https:\/\/tropiques-atrium.fr\/le-mois-laminaire\/wp-json\/wp\/v2\/posts\/163\/revisions"}],"predecessor-version":[{"id":461,"href":"https:\/\/tropiques-atrium.fr\/le-mois-laminaire\/wp-json\/wp\/v2\/posts\/163\/revisions\/461"}],"wp:featuredmedia":[{"embeddable":true,"href":"https:\/\/tropiques-atrium.fr\/le-mois-laminaire\/wp-json\/wp\/v2\/media\/417"}],"wp:attachment":[{"href":"https:\/\/tropiques-atrium.fr\/le-mois-laminaire\/wp-json\/wp\/v2\/media?parent=163"}],"wp:term":[{"taxonomy":"category","embeddable":true,"href":"https:\/\/tropiques-atrium.fr\/le-mois-laminaire\/wp-json\/wp\/v2\/categories?post=163"},{"taxonomy":"post_tag","embeddable":true,"href":"https:\/\/tropiques-atrium.fr\/le-mois-laminaire\/wp-json\/wp\/v2\/tags?post=163"}],"curies":[{"name":"wp","href":"https:\/\/api.w.org\/{rel}","templated":true}]}}