{"id":140,"date":"2020-06-01T19:17:55","date_gmt":"2020-06-01T17:17:55","guid":{"rendered":"https:\/\/tropiques-atrium.fr\/le-mois-laminaire\/?p=140"},"modified":"2020-06-15T20:15:46","modified_gmt":"2020-06-15T18:15:46","slug":"regine-feline","status":"publish","type":"post","link":"https:\/\/tropiques-atrium.fr\/le-mois-laminaire\/regine-feline\/","title":{"rendered":"R\u00e9gine F\u00e9line"},"content":{"rendered":"\n<div style=\"padding:56.25% 0 0 0;position:relative;\"><iframe src=\"https:\/\/player.vimeo.com\/video\/427513848?autoplay=1&amp;byline=0&amp;portrait=0\" style=\"position:absolute;top:0;left:0;width:100%;height:100%;\" frameborder=\"0\" allow=\"autoplay; fullscreen\" allowfullscreen=\"\"><\/iframe><\/div><script src=\"https:\/\/player.vimeo.com\/api\/player.js\"><\/script>\n\n\n\n<p>Chanteuse, interpr\u00e8te, com\u00e9dienne, conteuse, issue d\u2019une famille d\u2019artistes, elle travaille aussi en coulisses. Depuis pr\u00e8s de 40 ans elle d\u00e9ploie ses talents, int\u00e9gr\u00e9e dans la culture martiniquaise, enrichie de son v\u00e9cu africain, au carrefour de la tradition et de la modernit\u00e9.<\/p>\n\n\n\n<p><strong>Titre<\/strong> : Hors des jours \u00e9trangers<br><strong>Texte de r\u00e9f\u00e9rence<\/strong> : <em>Hors des jours \u00e9trangers<\/em> &#8211; <strong>Musique<\/strong> : R\u00e9gine F\u00e9line<\/p>\n","protected":false},"excerpt":{"rendered":"<p>Chanteuse, interpr\u00e8te, com\u00e9dienne, issue d\u2019une famille \u00e0 la fibre artistique, elle travaille aussi rn coulisses. Depuis pr\u00e8s de 40 ans elle d\u00e9ploie ses talents, int\u00e9gr\u00e9e dans la culture martiniquaise, enrichie de son v\u00e9cu africain, au carrefour de la tradition et de la modernit\u00e9.<\/p>\n","protected":false},"author":1,"featured_media":412,"comment_status":"open","ping_status":"closed","sticky":false,"template":"","format":"standard","meta":{"footnotes":""},"categories":[6],"tags":[5],"yoast_head":"<!-- This site is optimized with the Yoast SEO plugin v22.0 - https:\/\/yoast.com\/wordpress\/plugins\/seo\/ -->\n<title>R\u00e9gine F\u00e9line - Le Moi(s) Laminaire<\/title>\n<meta name=\"robots\" content=\"index, follow, max-snippet:-1, max-image-preview:large, max-video-preview:-1\" \/>\n<link rel=\"canonical\" href=\"https:\/\/tropiques-atrium.fr\/le-mois-laminaire\/regine-feline\/\" \/>\n<meta property=\"og:locale\" content=\"fr_FR\" \/>\n<meta property=\"og:type\" content=\"article\" \/>\n<meta property=\"og:title\" content=\"R\u00e9gine F\u00e9line - Le Moi(s) Laminaire\" \/>\n<meta property=\"og:description\" content=\"Chanteuse, interpr\u00e8te, com\u00e9dienne, issue d\u2019une famille \u00e0 la fibre artistique, elle travaille aussi rn coulisses. Depuis pr\u00e8s de 40 ans elle d\u00e9ploie ses talents, int\u00e9gr\u00e9e dans la culture martiniquaise, enrichie de son v\u00e9cu africain, au carrefour de la tradition et de la modernit\u00e9.\" \/>\n<meta property=\"og:url\" content=\"https:\/\/tropiques-atrium.fr\/le-mois-laminaire\/regine-feline\/\" \/>\n<meta property=\"og:site_name\" content=\"Le Moi(s) Laminaire\" \/>\n<meta property=\"article:published_time\" content=\"2020-06-01T17:17:55+00:00\" \/>\n<meta property=\"article:modified_time\" content=\"2020-06-15T18:15:46+00:00\" \/>\n<meta property=\"og:image\" content=\"https:\/\/tropiques-atrium.fr\/le-mois-laminaire\/wp-content\/uploads\/sites\/4\/2020\/06\/96-Re\u0301gine2-1.jpg\" \/>\n\t<meta property=\"og:image:width\" content=\"316\" \/>\n\t<meta property=\"og:image:height\" content=\"480\" \/>\n\t<meta property=\"og:image:type\" content=\"image\/jpeg\" \/>\n<meta name=\"author\" content=\"Tropiques-Atrium - Sc\u00e8ne Nationale de Martinique\" \/>\n<meta name=\"twitter:card\" content=\"summary_large_image\" \/>\n<meta name=\"twitter:label1\" content=\"\u00c9crit par\" \/>\n\t<meta name=\"twitter:data1\" content=\"Tropiques-Atrium - Sc\u00e8ne Nationale de Martinique\" \/>\n<!-- \/ Yoast SEO plugin. -->","yoast_head_json":{"title":"R\u00e9gine F\u00e9line - Le Moi(s) Laminaire","robots":{"index":"index","follow":"follow","max-snippet":"max-snippet:-1","max-image-preview":"max-image-preview:large","max-video-preview":"max-video-preview:-1"},"canonical":"https:\/\/tropiques-atrium.fr\/le-mois-laminaire\/regine-feline\/","og_locale":"fr_FR","og_type":"article","og_title":"R\u00e9gine F\u00e9line - Le Moi(s) Laminaire","og_description":"Chanteuse, interpr\u00e8te, com\u00e9dienne, issue d\u2019une famille \u00e0 la fibre artistique, elle travaille aussi rn coulisses. Depuis pr\u00e8s de 40 ans elle d\u00e9ploie ses talents, int\u00e9gr\u00e9e dans la culture martiniquaise, enrichie de son v\u00e9cu africain, au carrefour de la tradition et de la modernit\u00e9.","og_url":"https:\/\/tropiques-atrium.fr\/le-mois-laminaire\/regine-feline\/","og_site_name":"Le Moi(s) Laminaire","article_published_time":"2020-06-01T17:17:55+00:00","article_modified_time":"2020-06-15T18:15:46+00:00","og_image":[{"width":316,"height":480,"url":"https:\/\/tropiques-atrium.fr\/le-mois-laminaire\/wp-content\/uploads\/sites\/4\/2020\/06\/96-Re\u0301gine2-1.jpg","type":"image\/jpeg"}],"author":"Tropiques-Atrium - Sc\u00e8ne Nationale de Martinique","twitter_card":"summary_large_image","twitter_misc":{"\u00c9crit par":"Tropiques-Atrium - Sc\u00e8ne Nationale de Martinique"},"schema":{"@context":"https:\/\/schema.org","@graph":[{"@type":"Article","@id":"https:\/\/tropiques-atrium.fr\/le-mois-laminaire\/regine-feline\/#article","isPartOf":{"@id":"https:\/\/tropiques-atrium.fr\/le-mois-laminaire\/regine-feline\/"},"author":{"name":"Tropiques-Atrium - Sc\u00e8ne Nationale de Martinique","@id":"https:\/\/tropiques-atrium.fr\/le-mois-laminaire\/#\/schema\/person\/c73a4dd7de7c7dd46c25609b46915a88"},"headline":"R\u00e9gine F\u00e9line","datePublished":"2020-06-01T17:17:55+00:00","dateModified":"2020-06-15T18:15:46+00:00","mainEntityOfPage":{"@id":"https:\/\/tropiques-atrium.fr\/le-mois-laminaire\/regine-feline\/"},"wordCount":73,"commentCount":0,"publisher":{"@id":"https:\/\/tropiques-atrium.fr\/le-mois-laminaire\/#organization"},"keywords":["Capsules"],"articleSection":["T\u00e9moignages"],"inLanguage":"fr-FR","potentialAction":[{"@type":"CommentAction","name":"Comment","target":["https:\/\/tropiques-atrium.fr\/le-mois-laminaire\/regine-feline\/#respond"]}]},{"@type":"WebPage","@id":"https:\/\/tropiques-atrium.fr\/le-mois-laminaire\/regine-feline\/","url":"https:\/\/tropiques-atrium.fr\/le-mois-laminaire\/regine-feline\/","name":"R\u00e9gine F\u00e9line - Le Moi(s) Laminaire","isPartOf":{"@id":"https:\/\/tropiques-atrium.fr\/le-mois-laminaire\/#website"},"datePublished":"2020-06-01T17:17:55+00:00","dateModified":"2020-06-15T18:15:46+00:00","breadcrumb":{"@id":"https:\/\/tropiques-atrium.fr\/le-mois-laminaire\/regine-feline\/#breadcrumb"},"inLanguage":"fr-FR","potentialAction":[{"@type":"ReadAction","target":["https:\/\/tropiques-atrium.fr\/le-mois-laminaire\/regine-feline\/"]}]},{"@type":"BreadcrumbList","@id":"https:\/\/tropiques-atrium.fr\/le-mois-laminaire\/regine-feline\/#breadcrumb","itemListElement":[{"@type":"ListItem","position":1,"name":"Accueil","item":"https:\/\/tropiques-atrium.fr\/le-mois-laminaire\/"},{"@type":"ListItem","position":2,"name":"R\u00e9gine F\u00e9line"}]},{"@type":"WebSite","@id":"https:\/\/tropiques-atrium.fr\/le-mois-laminaire\/#website","url":"https:\/\/tropiques-atrium.fr\/le-mois-laminaire\/","name":"Le Moi(s) Laminaire","description":"Un site utilisant Les sites de Tropiques-Atrium","publisher":{"@id":"https:\/\/tropiques-atrium.fr\/le-mois-laminaire\/#organization"},"potentialAction":[{"@type":"SearchAction","target":{"@type":"EntryPoint","urlTemplate":"https:\/\/tropiques-atrium.fr\/le-mois-laminaire\/?s={search_term_string}"},"query-input":"required name=search_term_string"}],"inLanguage":"fr-FR"},{"@type":"Organization","@id":"https:\/\/tropiques-atrium.fr\/le-mois-laminaire\/#organization","name":"Le Moi(s) Laminaire","url":"https:\/\/tropiques-atrium.fr\/le-mois-laminaire\/","logo":{"@type":"ImageObject","inLanguage":"fr-FR","@id":"https:\/\/tropiques-atrium.fr\/le-mois-laminaire\/#\/schema\/logo\/image\/","url":"https:\/\/tropiques-atrium.fr\/le-mois-laminaire\/wp-content\/uploads\/sites\/4\/2020\/06\/MoiS_Laminaire_logo-pt.png","contentUrl":"https:\/\/tropiques-atrium.fr\/le-mois-laminaire\/wp-content\/uploads\/sites\/4\/2020\/06\/MoiS_Laminaire_logo-pt.png","width":300,"height":128,"caption":"Le Moi(s) Laminaire"},"image":{"@id":"https:\/\/tropiques-atrium.fr\/le-mois-laminaire\/#\/schema\/logo\/image\/"}},{"@type":"Person","@id":"https:\/\/tropiques-atrium.fr\/le-mois-laminaire\/#\/schema\/person\/c73a4dd7de7c7dd46c25609b46915a88","name":"Tropiques-Atrium - Sc\u00e8ne Nationale de Martinique","image":{"@type":"ImageObject","inLanguage":"fr-FR","@id":"https:\/\/tropiques-atrium.fr\/le-mois-laminaire\/#\/schema\/person\/image\/","url":"https:\/\/secure.gravatar.com\/avatar\/105d7b5dcef82469ef0ce5c24058e467?s=96&d=mm&r=g","contentUrl":"https:\/\/secure.gravatar.com\/avatar\/105d7b5dcef82469ef0ce5c24058e467?s=96&d=mm&r=g","caption":"Tropiques-Atrium - Sc\u00e8ne Nationale de Martinique"},"url":"https:\/\/tropiques-atrium.fr\/le-mois-laminaire\/author\/tropiques-atrium-super-admin\/"}]}},"amp_enabled":true,"_links":{"self":[{"href":"https:\/\/tropiques-atrium.fr\/le-mois-laminaire\/wp-json\/wp\/v2\/posts\/140"}],"collection":[{"href":"https:\/\/tropiques-atrium.fr\/le-mois-laminaire\/wp-json\/wp\/v2\/posts"}],"about":[{"href":"https:\/\/tropiques-atrium.fr\/le-mois-laminaire\/wp-json\/wp\/v2\/types\/post"}],"author":[{"embeddable":true,"href":"https:\/\/tropiques-atrium.fr\/le-mois-laminaire\/wp-json\/wp\/v2\/users\/1"}],"replies":[{"embeddable":true,"href":"https:\/\/tropiques-atrium.fr\/le-mois-laminaire\/wp-json\/wp\/v2\/comments?post=140"}],"version-history":[{"count":4,"href":"https:\/\/tropiques-atrium.fr\/le-mois-laminaire\/wp-json\/wp\/v2\/posts\/140\/revisions"}],"predecessor-version":[{"id":413,"href":"https:\/\/tropiques-atrium.fr\/le-mois-laminaire\/wp-json\/wp\/v2\/posts\/140\/revisions\/413"}],"wp:featuredmedia":[{"embeddable":true,"href":"https:\/\/tropiques-atrium.fr\/le-mois-laminaire\/wp-json\/wp\/v2\/media\/412"}],"wp:attachment":[{"href":"https:\/\/tropiques-atrium.fr\/le-mois-laminaire\/wp-json\/wp\/v2\/media?parent=140"}],"wp:term":[{"taxonomy":"category","embeddable":true,"href":"https:\/\/tropiques-atrium.fr\/le-mois-laminaire\/wp-json\/wp\/v2\/categories?post=140"},{"taxonomy":"post_tag","embeddable":true,"href":"https:\/\/tropiques-atrium.fr\/le-mois-laminaire\/wp-json\/wp\/v2\/tags?post=140"}],"curies":[{"name":"wp","href":"https:\/\/api.w.org\/{rel}","templated":true}]}}