{"id":5465,"date":"2022-01-29T18:58:36","date_gmt":"2022-01-29T17:58:36","guid":{"rendered":"https:\/\/tropiques-atrium.fr\/cinemartinique\/?p=5465"},"modified":"2022-02-01T02:10:08","modified_gmt":"2022-02-01T01:10:08","slug":"mal-nonm-extrait","status":"publish","type":"post","link":"https:\/\/tropiques-atrium.fr\/cinemartinique\/2022\/01\/29\/mal-nonm-extrait\/","title":{"rendered":"Mal nonm&#8230; (extrait)"},"content":{"rendered":"\n<p>Pendant une journ\u00e9e, en Martinique, des hommes vont vivre les m\u00eames micro-agressions que les femmes subissent au quotidien.<br><em>Mal Nonm. Court-m\u00e9trage de Yannis Sainte-Rose. Le samedi 5 f\u00e9vrier 2022 au Cin\u00e9Martinique Festival.<\/em><\/p>\n\n\n\n<figure class=\"wp-block-embed is-type-video is-provider-youtube wp-block-embed-youtube wp-embed-aspect-16-9 wp-has-aspect-ratio\"><div class=\"wp-block-embed__wrapper\">\n<iframe title=\"Mal Nonm. Court-m\u00e9trage de Yannis Sainte-Rose. Le samedi 5 f\u00e9vrier 2022 au Cin\u00e9Martinique Festival.\" width=\"500\" height=\"281\" src=\"https:\/\/www.youtube.com\/embed\/yg5YGWWE-xU?feature=oembed\" frameborder=\"0\" allow=\"accelerometer; autoplay; clipboard-write; encrypted-media; gyroscope; picture-in-picture; web-share\" allowfullscreen><\/iframe>\n<\/div><\/figure>\n","protected":false},"excerpt":{"rendered":"<p>Pendant une journ\u00e9e, en Martinique, des hommes vont vivre les m\u00eames micro-agressions que les femmes subissent au quotidien.Mal Nonm. Court-m\u00e9trage de Yannis Sainte-Rose. Le samedi 5 f\u00e9vrier 2022 au Cin\u00e9Martinique Festival.<\/p>\n","protected":false},"author":1,"featured_media":5749,"comment_status":"open","ping_status":"closed","sticky":false,"template":"","format":"standard","meta":{"footnotes":""},"categories":[213,214],"tags":[],"yoast_head":"<!-- This site is optimized with the Yoast SEO plugin v22.0 - https:\/\/yoast.com\/wordpress\/plugins\/seo\/ -->\n<title>Mal nonm... (extrait) - Cin\u00e9Martinique Festival<\/title>\n<meta name=\"robots\" content=\"index, follow, max-snippet:-1, max-image-preview:large, max-video-preview:-1\" \/>\n<link rel=\"canonical\" href=\"https:\/\/tropiques-atrium.fr\/cinemartinique\/2022\/01\/29\/mal-nonm-extrait\/\" \/>\n<meta property=\"og:locale\" content=\"fr_FR\" \/>\n<meta property=\"og:type\" content=\"article\" \/>\n<meta property=\"og:title\" content=\"Mal nonm... (extrait) - Cin\u00e9Martinique Festival\" \/>\n<meta property=\"og:description\" content=\"Pendant une journ\u00e9e, en Martinique, des hommes vont vivre les m\u00eames micro-agressions que les femmes subissent au quotidien.Mal Nonm. Court-m\u00e9trage de Yannis Sainte-Rose. Le samedi 5 f\u00e9vrier 2022 au Cin\u00e9Martinique Festival.\" \/>\n<meta property=\"og:url\" content=\"https:\/\/tropiques-atrium.fr\/cinemartinique\/2022\/01\/29\/mal-nonm-extrait\/\" \/>\n<meta property=\"og:site_name\" content=\"Cin\u00e9Martinique Festival\" \/>\n<meta property=\"article:published_time\" content=\"2022-01-29T17:58:36+00:00\" \/>\n<meta property=\"article:modified_time\" content=\"2022-02-01T01:10:08+00:00\" \/>\n<meta property=\"og:image\" content=\"https:\/\/tropiques-atrium.fr\/cinemartinique\/wp-content\/uploads\/sites\/3\/2022\/01\/malnonm.jpg\" \/>\n\t<meta property=\"og:image:width\" content=\"1280\" \/>\n\t<meta property=\"og:image:height\" content=\"540\" \/>\n\t<meta property=\"og:image:type\" content=\"image\/jpeg\" \/>\n<meta name=\"author\" content=\"Tropiques-Atrium - Sc\u00e8ne Nationale de Martinique\" \/>\n<meta name=\"twitter:card\" content=\"summary_large_image\" \/>\n<meta name=\"twitter:label1\" content=\"\u00c9crit par\" \/>\n\t<meta name=\"twitter:data1\" content=\"Tropiques-Atrium - Sc\u00e8ne Nationale de Martinique\" \/>\n<!-- \/ Yoast SEO plugin. -->","yoast_head_json":{"title":"Mal nonm... (extrait) - Cin\u00e9Martinique Festival","robots":{"index":"index","follow":"follow","max-snippet":"max-snippet:-1","max-image-preview":"max-image-preview:large","max-video-preview":"max-video-preview:-1"},"canonical":"https:\/\/tropiques-atrium.fr\/cinemartinique\/2022\/01\/29\/mal-nonm-extrait\/","og_locale":"fr_FR","og_type":"article","og_title":"Mal nonm... (extrait) - Cin\u00e9Martinique Festival","og_description":"Pendant une journ\u00e9e, en Martinique, des hommes vont vivre les m\u00eames micro-agressions que les femmes subissent au quotidien.Mal Nonm. Court-m\u00e9trage de Yannis Sainte-Rose. Le samedi 5 f\u00e9vrier 2022 au Cin\u00e9Martinique Festival.","og_url":"https:\/\/tropiques-atrium.fr\/cinemartinique\/2022\/01\/29\/mal-nonm-extrait\/","og_site_name":"Cin\u00e9Martinique Festival","article_published_time":"2022-01-29T17:58:36+00:00","article_modified_time":"2022-02-01T01:10:08+00:00","og_image":[{"width":1280,"height":540,"url":"https:\/\/tropiques-atrium.fr\/cinemartinique\/wp-content\/uploads\/sites\/3\/2022\/01\/malnonm.jpg","type":"image\/jpeg"}],"author":"Tropiques-Atrium - Sc\u00e8ne Nationale de Martinique","twitter_card":"summary_large_image","twitter_misc":{"\u00c9crit par":"Tropiques-Atrium - Sc\u00e8ne Nationale de Martinique"},"schema":{"@context":"https:\/\/schema.org","@graph":[{"@type":"Article","@id":"https:\/\/tropiques-atrium.fr\/cinemartinique\/2022\/01\/29\/mal-nonm-extrait\/#article","isPartOf":{"@id":"https:\/\/tropiques-atrium.fr\/cinemartinique\/2022\/01\/29\/mal-nonm-extrait\/"},"author":{"name":"Tropiques-Atrium - Sc\u00e8ne Nationale de Martinique","@id":"https:\/\/tropiques-atrium.fr\/cinemartinique\/#\/schema\/person\/c73a4dd7de7c7dd46c25609b46915a88"},"headline":"Mal nonm&#8230; (extrait)","datePublished":"2022-01-29T17:58:36+00:00","dateModified":"2022-02-01T01:10:08+00:00","mainEntityOfPage":{"@id":"https:\/\/tropiques-atrium.fr\/cinemartinique\/2022\/01\/29\/mal-nonm-extrait\/"},"wordCount":43,"commentCount":0,"publisher":{"@id":"https:\/\/tropiques-atrium.fr\/cinemartinique\/#organization"},"articleSection":["2022","Actualit\u00e9s"],"inLanguage":"fr-FR","potentialAction":[{"@type":"CommentAction","name":"Comment","target":["https:\/\/tropiques-atrium.fr\/cinemartinique\/2022\/01\/29\/mal-nonm-extrait\/#respond"]}]},{"@type":"WebPage","@id":"https:\/\/tropiques-atrium.fr\/cinemartinique\/2022\/01\/29\/mal-nonm-extrait\/","url":"https:\/\/tropiques-atrium.fr\/cinemartinique\/2022\/01\/29\/mal-nonm-extrait\/","name":"Mal nonm... (extrait) - Cin\u00e9Martinique Festival","isPartOf":{"@id":"https:\/\/tropiques-atrium.fr\/cinemartinique\/#website"},"datePublished":"2022-01-29T17:58:36+00:00","dateModified":"2022-02-01T01:10:08+00:00","breadcrumb":{"@id":"https:\/\/tropiques-atrium.fr\/cinemartinique\/2022\/01\/29\/mal-nonm-extrait\/#breadcrumb"},"inLanguage":"fr-FR","potentialAction":[{"@type":"ReadAction","target":["https:\/\/tropiques-atrium.fr\/cinemartinique\/2022\/01\/29\/mal-nonm-extrait\/"]}]},{"@type":"BreadcrumbList","@id":"https:\/\/tropiques-atrium.fr\/cinemartinique\/2022\/01\/29\/mal-nonm-extrait\/#breadcrumb","itemListElement":[{"@type":"ListItem","position":1,"name":"Accueil","item":"https:\/\/tropiques-atrium.fr\/cinemartinique\/"},{"@type":"ListItem","position":2,"name":"Mal nonm&#8230; (extrait)"}]},{"@type":"WebSite","@id":"https:\/\/tropiques-atrium.fr\/cinemartinique\/#website","url":"https:\/\/tropiques-atrium.fr\/cinemartinique\/","name":"Cin\u00e9Martinique Festival","description":"","publisher":{"@id":"https:\/\/tropiques-atrium.fr\/cinemartinique\/#organization"},"potentialAction":[{"@type":"SearchAction","target":{"@type":"EntryPoint","urlTemplate":"https:\/\/tropiques-atrium.fr\/cinemartinique\/?s={search_term_string}"},"query-input":"required name=search_term_string"}],"inLanguage":"fr-FR"},{"@type":"Organization","@id":"https:\/\/tropiques-atrium.fr\/cinemartinique\/#organization","name":"Cin\u00e9Martinique Festival","url":"https:\/\/tropiques-atrium.fr\/cinemartinique\/","logo":{"@type":"ImageObject","inLanguage":"fr-FR","@id":"https:\/\/tropiques-atrium.fr\/cinemartinique\/#\/schema\/logo\/image\/","url":"https:\/\/tropiques-atrium.fr\/cinemartinique\/wp-content\/uploads\/sites\/3\/2022\/01\/CineMartinique-logo-1.png","contentUrl":"https:\/\/tropiques-atrium.fr\/cinemartinique\/wp-content\/uploads\/sites\/3\/2022\/01\/CineMartinique-logo-1.png","width":1205,"height":362,"caption":"Cin\u00e9Martinique Festival"},"image":{"@id":"https:\/\/tropiques-atrium.fr\/cinemartinique\/#\/schema\/logo\/image\/"}},{"@type":"Person","@id":"https:\/\/tropiques-atrium.fr\/cinemartinique\/#\/schema\/person\/c73a4dd7de7c7dd46c25609b46915a88","name":"Tropiques-Atrium - Sc\u00e8ne Nationale de Martinique","url":"https:\/\/tropiques-atrium.fr\/cinemartinique\/author\/tropiques-atrium-super-admin\/"}]}},"amp_enabled":true,"_links":{"self":[{"href":"https:\/\/tropiques-atrium.fr\/cinemartinique\/wp-json\/wp\/v2\/posts\/5465"}],"collection":[{"href":"https:\/\/tropiques-atrium.fr\/cinemartinique\/wp-json\/wp\/v2\/posts"}],"about":[{"href":"https:\/\/tropiques-atrium.fr\/cinemartinique\/wp-json\/wp\/v2\/types\/post"}],"author":[{"embeddable":true,"href":"https:\/\/tropiques-atrium.fr\/cinemartinique\/wp-json\/wp\/v2\/users\/1"}],"replies":[{"embeddable":true,"href":"https:\/\/tropiques-atrium.fr\/cinemartinique\/wp-json\/wp\/v2\/comments?post=5465"}],"version-history":[{"count":1,"href":"https:\/\/tropiques-atrium.fr\/cinemartinique\/wp-json\/wp\/v2\/posts\/5465\/revisions"}],"predecessor-version":[{"id":5466,"href":"https:\/\/tropiques-atrium.fr\/cinemartinique\/wp-json\/wp\/v2\/posts\/5465\/revisions\/5466"}],"wp:featuredmedia":[{"embeddable":true,"href":"https:\/\/tropiques-atrium.fr\/cinemartinique\/wp-json\/wp\/v2\/media\/5749"}],"wp:attachment":[{"href":"https:\/\/tropiques-atrium.fr\/cinemartinique\/wp-json\/wp\/v2\/media?parent=5465"}],"wp:term":[{"taxonomy":"category","embeddable":true,"href":"https:\/\/tropiques-atrium.fr\/cinemartinique\/wp-json\/wp\/v2\/categories?post=5465"},{"taxonomy":"post_tag","embeddable":true,"href":"https:\/\/tropiques-atrium.fr\/cinemartinique\/wp-json\/wp\/v2\/tags?post=5465"}],"curies":[{"name":"wp","href":"https:\/\/api.w.org\/{rel}","templated":true}]}}